{"id":166,"date":"2020-05-08T16:44:04","date_gmt":"2020-05-08T15:44:04","guid":{"rendered":"https:\/\/4oszlop.hu\/?p=166"},"modified":"2020-05-08T16:59:37","modified_gmt":"2020-05-08T15:59:37","slug":"kanyazsombor-alliaria-petiolata","status":"publish","type":"post","link":"https:\/\/4oszlop.hu\/index.php\/2020\/05\/08\/kanyazsombor-alliaria-petiolata\/","title":{"rendered":"K\u00e1nyazsombor (Alliaria petiolata)"},"content":{"rendered":"\n<div class=\"wp-block-image\"><figure class=\"alignright size-large is-resized\"><img loading=\"lazy\" decoding=\"async\" src=\"https:\/\/4oszlop.hu\/wp-content\/uploads\/2020\/05\/garlic-mustard-115313_1920-768x1024.jpg\" alt=\"\" class=\"wp-image-169\" width=\"449\" height=\"599\" srcset=\"https:\/\/4oszlop.hu\/wp-content\/uploads\/2020\/05\/garlic-mustard-115313_1920-768x1024.jpg 768w, https:\/\/4oszlop.hu\/wp-content\/uploads\/2020\/05\/garlic-mustard-115313_1920-225x300.jpg 225w, https:\/\/4oszlop.hu\/wp-content\/uploads\/2020\/05\/garlic-mustard-115313_1920-1152x1536.jpg 1152w, https:\/\/4oszlop.hu\/wp-content\/uploads\/2020\/05\/garlic-mustard-115313_1920.jpg 1440w\" sizes=\"(max-width: 449px) 100vw, 449px\" \/><\/figure><\/div>\n\n\n\n<p><strong>Etimol\u00f3gia<\/strong>:<\/p>\n\n\n\n<ul><li>N\u00e9pi nevei: hagymalapu, hagym\u00e1zf\u0171, fokhagymaszag\u00fa f\u0171, angol neve garlic mustard (\u201efokhagym\u00e1s must\u00e1r\u201d)<\/li><\/ul>\n\n\n\n<ul><li>Latin neve: Alliaria = hagymaszer\u0171;<br>                   petiolata = l\u00e1bacsk\u00e1s, azaz a levelek sz\u00e1rral kapcsol\u00f3dnak a n\u00f6v\u00e9ny k\u00f6zponti sz\u00e1r\u00e1hoz<\/li><\/ul>\n\n\n\n<ul><li>Magyar neve: K\u00e1nya = sasn\u00e1l valamivel kisebb ragadoz\u00f3 mad\u00e1r, r\u00f6pk\u00e9p\u00e9n j\u00f3l megfigyelhet\u0151, hogy a fecsk\u00e9khez hasonl\u00f3an farka vill\u00e1san el\u00e1gaz\u00f3. Magyarorsz\u00e1gon a barna k\u00e1nya \u00e9s a v\u00f6r\u00f6s k\u00e1nya \u0151shonos. Vesz\u00e9lyeztetett faj.<br><br>Zsombor = b\u00f6l\u00e9ny. Az eur\u00f3pai b\u00f6l\u00e9ny hajdan\u00e1n K\u00f6z\u00e9p-Eur\u00f3pa szerte hatalmas csord\u00e1kban legel\u00e9szett, v\u00e1ndorl\u00f3 \u00e9letm\u00f3dj\u00e1val fontos szerepet t\u00f6lt\u00f6tt be az \u00f6kosziszt\u00e9m\u00e1ban. M\u00e1ra azonban szint\u00e9n vesz\u00e9lyeztetett fajj\u00e1 v\u00e1lt.<\/li><\/ul>\n\n\n\n<p>A k\u00e1nyazsombor neveib\u0151l t\u00f6bb tanuls\u00e1g is levonhat\u00f3. Fiatal leveleinek jellegzetes \u00edze \u00e9s illata fokhagym\u00e1ra, must\u00e1rra eml\u00e9keztet, ami nem kir\u00edv\u00f3, r\u00e9v\u00e9n, hogy a keresztesvir\u00e1g\u00faak csal\u00e1dj\u00e1t er\u0151s\u00edti (ak\u00e1rcsak pl. a must\u00e1r, torma, k\u00e1poszta, brokkoli, retek, karfiol, karal\u00e1b\u00e9). A csal\u00e1d egyik jellegzetess\u00e9ge a k\u00e9n tartalm\u00fa vegy\u00fcletek termel\u00e9se, melyek k\u00f6z\u00fcl a pl. a tiocian\u00e1tok nagyobb mennyis\u00e9gben g\u00e1tolhatj\u00e1k is a pajzsmirigy j\u00f3d-felvev\u0151 k\u00e9pess\u00e9g\u00e9t (ezen hat\u00e1s el\u00e9r\u00e9s\u00e9re az eg\u00e9sz konyhakert keresztesvir\u00e1g\u00fa \u00e1llom\u00e1ny\u00e1t le k\u00e9ne legeln\u00fcnk, teh\u00e1t a vesz\u00e9ly nem igen fenyeget\u2026). A cs\u00edp\u0151s \u00edzvil\u00e1g \u00e9s a k\u00e9n jelenl\u00e9te Yang jellegr\u0151l \u00e1rulkodnak.&nbsp; <\/p>\n\n\n\n<p>A m\u00e1sik tanuls\u00e1g a magyar elnevez\u00e9sben rejlik, mely az ember becsv\u00e1gy\u00e1r\u00f3l ad sz\u00e1mot, s j\u00f3l mutatja, hogy milyen sz\u00e9ls\u0151s\u00e9gekhez vezethet az, ha az ember a Term\u00e9szet f\u00f6l\u00e9 k\u00e9pzeli mag\u00e1t, s elfelejti, hogy mi ink\u00e1bb annak r\u00e9szei vagyunk. Am\u00edg a k\u00e1ny\u00e1t \u00e9s az eur\u00f3pai b\u00f6l\u00e9nyt majdnem siker\u00fclt kipuszt\u00edtani, addig az Eur\u00f3p\u00e1ban \u0151shonos k\u00e1nyazsombort az Amerikai kontinensre behurcolva (\u201ej\u00f3 lesz az must\u00e1r p\u00f3tl\u00e9knak\u201d \u2013 mondta az egyszeri telepes) jelenleg ott invaz\u00edv fajk\u00e9nt van sz\u00e1mon tartva, melyet minden elk\u00e9pzelhet\u0151 m\u00f3don pr\u00f3b\u00e1lnak irtani. Hasonl\u00f3an, mint n\u00e1lunk az Amerik\u00e1b\u00f3l behurcolt parlagf\u00fcvet. A k\u00e1rtev\u0151it ugyanis nem vitt\u00e9k magukkal, s az amerikai lepkefajok herny\u00f3i, ehhez finny\u00e1sak, nemigen kedvelik a \u201efokhagym\u00e1s must\u00e1r\u201d \u00edzt\u2026<\/p>\n\n\n\n<div class=\"wp-block-group\"><div class=\"wp-block-group__inner-container is-layout-flow wp-block-group-is-layout-flow\">\n<div class=\"wp-block-columns is-layout-flex wp-container-core-columns-layout-1 wp-block-columns-is-layout-flex\">\n<div class=\"wp-block-column is-layout-flow wp-block-column-is-layout-flow\">\n<figure class=\"wp-block-image size-large is-resized\"><img loading=\"lazy\" decoding=\"async\" src=\"https:\/\/4oszlop.hu\/wp-content\/uploads\/2020\/05\/red-kite-in-flight-4399279_1920-1-1024x839.jpg\" alt=\"\" class=\"wp-image-185\" width=\"312\" height=\"255\" srcset=\"https:\/\/4oszlop.hu\/wp-content\/uploads\/2020\/05\/red-kite-in-flight-4399279_1920-1-1024x839.jpg 1024w, https:\/\/4oszlop.hu\/wp-content\/uploads\/2020\/05\/red-kite-in-flight-4399279_1920-1-300x246.jpg 300w, https:\/\/4oszlop.hu\/wp-content\/uploads\/2020\/05\/red-kite-in-flight-4399279_1920-1-768x629.jpg 768w, https:\/\/4oszlop.hu\/wp-content\/uploads\/2020\/05\/red-kite-in-flight-4399279_1920-1-1536x1258.jpg 1536w, https:\/\/4oszlop.hu\/wp-content\/uploads\/2020\/05\/red-kite-in-flight-4399279_1920-1.jpg 1920w\" sizes=\"(max-width: 312px) 100vw, 312px\" \/><figcaption><em>V\u00f6r\u00f6s k\u00e1nya<\/em><\/figcaption><\/figure>\n<\/div>\n\n\n\n<div class=\"wp-block-column is-layout-flow wp-block-column-is-layout-flow\">\n<figure class=\"wp-block-image size-large is-resized\"><img loading=\"lazy\" decoding=\"async\" src=\"https:\/\/4oszlop.hu\/wp-content\/uploads\/2020\/05\/bison-2494182_1920-1024x680.jpg\" alt=\"\" class=\"wp-image-186\" width=\"382\" height=\"253\" srcset=\"https:\/\/4oszlop.hu\/wp-content\/uploads\/2020\/05\/bison-2494182_1920-1024x680.jpg 1024w, https:\/\/4oszlop.hu\/wp-content\/uploads\/2020\/05\/bison-2494182_1920-300x199.jpg 300w, https:\/\/4oszlop.hu\/wp-content\/uploads\/2020\/05\/bison-2494182_1920-768x510.jpg 768w, https:\/\/4oszlop.hu\/wp-content\/uploads\/2020\/05\/bison-2494182_1920-1536x1020.jpg 1536w, https:\/\/4oszlop.hu\/wp-content\/uploads\/2020\/05\/bison-2494182_1920.jpg 1920w\" sizes=\"(max-width: 382px) 100vw, 382px\" \/><figcaption><em>Eur\u00f3pai b\u00f6l\u00e9ny<\/em><\/figcaption><\/figure>\n<\/div>\n<\/div>\n<\/div><\/div>\n\n\n\n<p><strong>N\u00f6v\u00e9nytani tulajdons\u00e1gok:<\/strong><br>\u00dcde erd\u0151kben, patakparti t\u00e1rsul\u00e1sokban, bolygatott, nitrog\u00e9nd\u00fas talajokon terem el\u0151szeretettel. K\u00e9tny\u00e1ri n\u00f6v\u00e9ny, mely \u00e1prilisban kezd vir\u00e1gozni, akkor, amikor a Tavasz kezd\u0151 l\u00f6k\u00e9se m\u00e1r megvolt, s a z\u00f6ld levelek szinte \u201eberobbannak\u201d a Term\u00e9szetbe, friss, \u00fcde \u00e9s d\u00fas veget\u00e1ci\u00f3t l\u00e9trehozva. Ez az az id\u0151szak, amikor a Kos a Bik\u00e1ba v\u00e1lt \u00e1t, s l\u00e9v\u00e9n ilyenkor vir\u00e1gzik, a n\u00f6v\u00e9ny is mag\u00e1n viseli az eml\u00edtett er\u0151k jegyeit (pl. levele vese v. sz\u00edv alak\u00fa, de a lev\u00e9lsz\u00e9l h\u00e1romsz\u00f6glet\u0171en fogazott; f\u0151gy\u00f6kere a talaj alatt k\u00f6zvetlen\u00fcl enyh\u00e9n S alakot vesz; term\u00e9se kis d\u00e1rd\u00e1khoz hasonl\u00f3 hossz\u00fa, \u00e9g fel\u00e9 \u00e1ll\u00f3 bec\u0151, m\u00edg vir\u00e1ga apr\u00f3 \u00e9s patyolat feh\u00e9r; gy\u00f6kerei m\u00e1s n\u00f6v\u00e9nyek \u00e9s gomb\u00e1k fejl\u0151d\u00e9s\u00e9t g\u00e1tl\u00f3 anyagot bocs\u00e1t ki, m\u00edg levelei sz\u00e1mos eur\u00f3pai lepkefajnak kedvence, k\u00f6zt\u00fck a k\u00e1posztalepk\u00e9\u00e9 is).<\/p>\n\n\n\n<div class=\"wp-block-image\"><figure class=\"aligncenter size-large\"><img loading=\"lazy\" decoding=\"async\" width=\"1024\" height=\"768\" src=\"https:\/\/4oszlop.hu\/wp-content\/uploads\/2020\/05\/IMG_20200429_171614-1024x768.jpg\" alt=\"\" class=\"wp-image-168\" srcset=\"https:\/\/4oszlop.hu\/wp-content\/uploads\/2020\/05\/IMG_20200429_171614-1024x768.jpg 1024w, https:\/\/4oszlop.hu\/wp-content\/uploads\/2020\/05\/IMG_20200429_171614-300x225.jpg 300w, https:\/\/4oszlop.hu\/wp-content\/uploads\/2020\/05\/IMG_20200429_171614-768x576.jpg 768w, https:\/\/4oszlop.hu\/wp-content\/uploads\/2020\/05\/IMG_20200429_171614-1536x1152.jpg 1536w, https:\/\/4oszlop.hu\/wp-content\/uploads\/2020\/05\/IMG_20200429_171614-2048x1536.jpg 2048w\" sizes=\"(max-width: 1024px) 100vw, 1024px\" \/><figcaption><em>Kedvenc lel\u0151hely\u00e9n, egy \u00fcde ak\u00e1cos erd\u0151ben (h\u00e1tt\u00e9rben ty\u00fakh\u00far tenger)<\/em><\/figcaption><\/figure><\/div>\n\n\n\n<p><strong>N\u00e9pi haszn\u00e1lata:<\/strong><\/p>\n\n\n\n<ul><li>Fert\u0151tlen\u00edt\u0151 hat\u00e1sa miatt leveleit a b\u0151r \u00e9s sz\u00e1jny\u00e1lkah\u00e1rtya sebeire haszn\u00e1lt\u00e1k borogat\u00e1sk\u00e9nt \u00e9s \u00f6bl\u00f6get\u0151k\u00e9nt (a fokhagym\u00e1val ellent\u00e9tben nem okoz tart\u00f3s sz\u00e1jszagot \ud83d\ude42 ). Ekc\u00e9ma jelleg\u0171 nedvedz\u0151 b\u0151rter\u00fcletekre is haszn\u00e1latos.<\/li><li>L\u00e9g\u00fati t\u00fcnetek eset\u00e9n gy\u00f6kere haszn\u00e1lhat\u00f3, torm\u00e1hoz hasonl\u00f3 \u00e9tkez\u00e9si-, ill. gy\u00f3gykr\u00e9m k\u00e9sz\u00edthet\u0151 bel\u0151le, mely k\u00fcls\u0151leg \u00e9s bels\u0151leg is alkalmazhat\u00f3. A cs\u00edp\u0151s \u00edz a k\u00ednai orvosl\u00e1s szerint a T\u00fcd\u0151h\u00f6z kapcsolhat\u00f3, annak Qi-j\u00e9t t\u00e1pl\u00e1lja, valamint sz\u00e9tsz\u00f3r\u00f3 hat\u00e1sa (gondoljunk csak arra, amikor egy kan\u00e1l er\u0151s torm\u00e1t bevesz\u00fcnk a sz\u00e1nkba\u2026) seg\u00edti a Felsz\u00ednt a k\u00f3rokoz\u00f3 k\u00fcls\u0151 behat\u00e1sokkal szemben. <\/li><li>Em\u00e9szt\u00e9s kapcs\u00e1n kialakult pang\u00e1sok (pl. puffad\u00e1s, \u201emeg\u00fclt\u201d az \u00e9tel a gyomorban) eset\u00e9n is j\u00f3l hat. Ez szint\u00e9n a szel\u00edden sz\u00e9tsz\u00f3r\u00e1s sz\u00e1ml\u00e1j\u00e1ra \u00edrhat\u00f3.<\/li><li>Jellegzetes arom\u00e1ja miatt f\u00e9reg\u0171z\u0151k\u00e9nt is alkalmazt\u00e1k, f\u0151k\u00e9nt magj\u00e1t \u00e9s gy\u00f6ker\u00e9t.<\/li><\/ul>\n\n\n\n<p><strong>Gy\u00f3gyszerk\u00e9p (Jan Scholten nyom\u00e1n):<\/strong><\/p>\n\n\n\n<ul><li>K\u00e9ptelen kommunik\u00e1lni nyelv\u00e9rt\u00e9si probl\u00e9m\u00e1k miatt (\u00e9rtetlenked\u00e9st\u0151l a sensoros aphasiaig)<\/li><li>Vonzza a korrupci\u00f3 \u00e9s a k\u00e1rhoztat\u00e1s t\u00e9m\u00e1ja, k\u00e9ptelen kiker\u00fclni hat\u00e1suk al\u00f3l<\/li><li>Korrupt l\u00e9gk\u00f6r, melyb\u0151l nem tud kisz\u00e1llni, cinkosai ezt nem engedik<\/li><li>K\u00e9ptelen felbontani egy sz\u00e1m\u00e1ra kedvez\u0151tlen megegyez\u00e9st, f\u00e9l a k\u00f6vetkezm\u00e9nyes kig\u00fanyol\u00e1st\u00f3l<\/li><li>Fizikai t\u00fcnetei rosszabbodnak a leveg\u0151szennyez\u00e9st\u0151l, er\u0151s allergi\u00e1k<\/li><li>V\u00e9rm\u00e9rgez\u00e9s<\/li><li>Hideg \u00e9s em\u00e9sztetlens\u00e9g \u00e9rzete a gyomorban<\/li><li>K\u00f3lik\u00e1t okoz\u00f3 sz\u00e9lg\u00f6rcs\u00f6k<\/li><li>K\u00f6h\u00f6g\u00e9s, nehezen felk\u00f6h\u00f6ghet\u0151 tapad\u00f3s ny\u00e1lk\u00e1val<\/li><li>Kev\u00e9s vizelet, \u00f6d\u00e9m\u00e1k<\/li><li>Als\u00f3 v\u00e9gtagi fek\u00e9ly<\/li><\/ul>\n\n\n\n<div class=\"wp-block-image\"><figure class=\"alignright size-large is-resized\"><img loading=\"lazy\" decoding=\"async\" src=\"https:\/\/4oszlop.hu\/wp-content\/uploads\/2020\/05\/IMG_20200508_155454-768x1024.jpg\" alt=\"\" class=\"wp-image-177\" width=\"422\" height=\"562\" srcset=\"https:\/\/4oszlop.hu\/wp-content\/uploads\/2020\/05\/IMG_20200508_155454-768x1024.jpg 768w, https:\/\/4oszlop.hu\/wp-content\/uploads\/2020\/05\/IMG_20200508_155454-225x300.jpg 225w, https:\/\/4oszlop.hu\/wp-content\/uploads\/2020\/05\/IMG_20200508_155454-1152x1536.jpg 1152w, https:\/\/4oszlop.hu\/wp-content\/uploads\/2020\/05\/IMG_20200508_155454-1536x2048.jpg 1536w, https:\/\/4oszlop.hu\/wp-content\/uploads\/2020\/05\/IMG_20200508_155454-scaled.jpg 1920w\" sizes=\"(max-width: 422px) 100vw, 422px\" \/><\/figure><\/div>\n\n\n\n<p><strong>\u00c9rdekess\u00e9gek:<\/strong><\/p>\n\n\n\n<ul><li>Az eg\u00e9sz n\u00f6v\u00e9nyt megf\u0151zve s\u00e1rga sz\u00ednez\u0151 anyagot nyerhet\u00fcnk (ez mindenk\u00e9ppen a F\u00f6ld elemre utal)<\/li><li>Egy kb. 6000 \u00e9ves eur\u00f3pai agyagt\u00e1lka tartalm\u00e1ban is siker\u00fclt kimutatni jelenl\u00e9t\u00e9t, \u00edgy a legr\u00e9gebbi f\u0171szern\u00f6v\u00e9nyk\u00e9nt van sz\u00e1mon tartva.<\/li><\/ul>\n\n\n\n<p><strong>K\u00ednai orvosl\u00e1s:<\/strong><br>A fentebbiek alapj\u00e1n k\u00f6vetkeztet\u00e9seim:<\/p>\n\n\n\n<ul><li>\u00cdz: cs\u00edp\u0151s<\/li><li>Tulajdons\u00e1g: langyos<\/li><li>Meridi\u00e1n: T\u00fcd\u0151, Gyomor<\/li><li>Er\u0151s\u00edti a Yangot; Sz\u00e9tsz\u00f3rja a Szelet a Felsz\u00ednen; Sz\u00e9tsz\u00f3rja a Gyomor pang\u00e1s\u00e1t; Megf\u00e9kezi a Xie-t; F\u00e9reghajt\u00f3<\/li><\/ul>\n ","protected":false},"excerpt":{"rendered":"<p>Egy mell\u0151z\u00f6tt &#8220;gyom&#8221; tanuls\u00e1gos t\u00f6rt\u00e9nete \u00e9s felhaszn\u00e1l\u00e1sa<\/p>\n","protected":false},"author":1,"featured_media":0,"comment_status":"open","ping_status":"open","sticky":false,"template":"","format":"standard","meta":{"footnotes":""},"categories":[19],"tags":[29,28],"_links":{"self":[{"href":"https:\/\/4oszlop.hu\/index.php\/wp-json\/wp\/v2\/posts\/166"}],"collection":[{"href":"https:\/\/4oszlop.hu\/index.php\/wp-json\/wp\/v2\/posts"}],"about":[{"href":"https:\/\/4oszlop.hu\/index.php\/wp-json\/wp\/v2\/types\/post"}],"author":[{"embeddable":true,"href":"https:\/\/4oszlop.hu\/index.php\/wp-json\/wp\/v2\/users\/1"}],"replies":[{"embeddable":true,"href":"https:\/\/4oszlop.hu\/index.php\/wp-json\/wp\/v2\/comments?post=166"}],"version-history":[{"count":15,"href":"https:\/\/4oszlop.hu\/index.php\/wp-json\/wp\/v2\/posts\/166\/revisions"}],"predecessor-version":[{"id":189,"href":"https:\/\/4oszlop.hu\/index.php\/wp-json\/wp\/v2\/posts\/166\/revisions\/189"}],"wp:attachment":[{"href":"https:\/\/4oszlop.hu\/index.php\/wp-json\/wp\/v2\/media?parent=166"}],"wp:term":[{"taxonomy":"category","embeddable":true,"href":"https:\/\/4oszlop.hu\/index.php\/wp-json\/wp\/v2\/categories?post=166"},{"taxonomy":"post_tag","embeddable":true,"href":"https:\/\/4oszlop.hu\/index.php\/wp-json\/wp\/v2\/tags?post=166"}],"curies":[{"name":"wp","href":"https:\/\/api.w.org\/{rel}","templated":true}]}}