{"id":271,"date":"2020-09-16T00:08:02","date_gmt":"2020-09-15T23:08:02","guid":{"rendered":"https:\/\/4oszlop.hu\/?p=271"},"modified":"2020-09-16T00:11:07","modified_gmt":"2020-09-15T23:11:07","slug":"helyes-e-a-meridian-elnevezes","status":"publish","type":"post","link":"https:\/\/4oszlop.hu\/index.php\/2020\/09\/16\/helyes-e-a-meridian-elnevezes\/","title":{"rendered":"Helyes-e a &#8220;Meridi\u00e1n&#8221; elnevez\u00e9s?"},"content":{"rendered":"\n<p>A k\u00ednai orvosl\u00e1s szerint a Qi a Meridi\u00e1noknak nevezett energiacsatorn\u00e1kban kering, melyek k\u00ednai elnevez\u00e9se Jing-Luo. Egyes v\u00e9lem\u00e9nyek szerint a \u201eMeridi\u00e1n\u201d elnevez\u00e9s teljesen f\u00e9lrevezet\u0151 \u00e9s helytelen, csup\u00e1n a korabeli vil\u00e1gutaz\u00f3 haj\u00f3orvosok kre\u00e1lm\u00e1nya, akik Keleten haj\u00f3zva, \u00e9s az energiacsatorn\u00e1k \u00e1br\u00e1zol\u00e1sait l\u00e1tva, azok a t\u00e9rk\u00e9p\u00e9szeti hossz\u00fas\u00e1gi vonalakra (=meridi\u00e1n) eml\u00e9keztette \u0151ket. Noha a fentebb eml\u00edtett, szimb\u00f3lumokban d\u00fask\u00e1l\u00f3 archaikus elnevez\u00e9s mond tal\u00e1n legt\u00f6bbet ezekr\u0151l a csatorn\u00e1kr\u00f3l, azonban nem szabad kidobnunk a kuk\u00e1ba a nyugati elnevez\u00e9st sem.<\/p>\n\n\n\n<p>Egyr\u00e9szt a hagyom\u00e1nyos tan\u00edt\u00e1sok szerint az ember a Vil\u00e1gegyetem kicsiny\u00edtett t\u00fck\u00f6rk\u00e9pe, magunkban hordozzuk a Makrokozmoszt, \u00edgy fel\u00e9p\u00edt\u00e9s\u00fcnk l\u00e9nyegi elemei a F\u00f6lddel anal\u00f3g. A k\u00ednai kult\u00far\u00e1ban az ember-\u00f3ri\u00e1s Pan Gu teremt\u00e9sm\u00edtosza kapcs\u00e1n sok p\u00e1rhuzam ismert (pl. 4 v\u00e9gtag \u2013 4 \u00e9gt\u00e1j; koponya &#8211; hegyek; csontok &#8211; f\u00f6ldben rejl\u0151 \u00e9rcek; v\u00e9r \u2013 foly\u00f3k; h\u00fas \u2013 term\u0151f\u00f6ld; sz\u0151rzet &#8211; n\u00f6v\u00e9nyek; hangja &#8211; mennyd\u00f6rg\u00e9s; 12 nagy \u00edz\u00fclet \u2013 12 h\u00f3nap; 365 kis \u00edz\u00fclet \u2013 365 nap). Ha tov\u00e1bb folytatjuk a sort, akkor az ember fels\u0151 \u00e9s als\u00f3 p\u00f3lusa, azaz a fejb\u00fab (vagy \u00e9gnek kit\u00e1rt karokn\u00e1l a tenyerek) \u00e9s a talpak megfeleltethet\u0151k az \u00e9szaki \u00e9s d\u00e9li p\u00f3lussal. S val\u00f3ban, a F\u0151csatorn\u00e1kk\u00e9nt ismert Meridi\u00e1nok lefut\u00e1sa a k\u00e9t p\u00f3lust k\u00f6ti \u00f6ssze, csak\u00fagy, mint a f\u00f6ldrajzi hossz\u00fas\u00e1gi vonalak.<\/p>\n\n\n\n<div class=\"wp-block-columns is-layout-flex wp-container-core-columns-layout-1 wp-block-columns-is-layout-flex\">\n<div class=\"wp-block-column is-layout-flow wp-block-column-is-layout-flow\">\n<div class=\"wp-block-image\"><figure class=\"aligncenter size-large is-resized\"><img loading=\"lazy\" decoding=\"async\" src=\"https:\/\/4oszlop.hu\/wp-content\/uploads\/2020\/09\/unnamed-1.jpg\" alt=\"\" class=\"wp-image-278\" width=\"243\" height=\"330\" srcset=\"https:\/\/4oszlop.hu\/wp-content\/uploads\/2020\/09\/unnamed-1.jpg 376w, https:\/\/4oszlop.hu\/wp-content\/uploads\/2020\/09\/unnamed-1-220x300.jpg 220w\" sizes=\"(max-width: 243px) 100vw, 243px\" \/><\/figure><\/div>\n<\/div>\n\n\n\n<div class=\"wp-block-column is-layout-flow wp-block-column-is-layout-flow\">\n<div class=\"wp-block-image\"><figure class=\"aligncenter size-large is-resized\"><img loading=\"lazy\" decoding=\"async\" src=\"https:\/\/4oszlop.hu\/wp-content\/uploads\/2020\/09\/terrestrial-globe-151897_1280-874x1024.png\" alt=\"\" class=\"wp-image-275\" width=\"277\" height=\"324\" srcset=\"https:\/\/4oszlop.hu\/wp-content\/uploads\/2020\/09\/terrestrial-globe-151897_1280-874x1024.png 874w, https:\/\/4oszlop.hu\/wp-content\/uploads\/2020\/09\/terrestrial-globe-151897_1280-256x300.png 256w, https:\/\/4oszlop.hu\/wp-content\/uploads\/2020\/09\/terrestrial-globe-151897_1280-768x899.png 768w, https:\/\/4oszlop.hu\/wp-content\/uploads\/2020\/09\/terrestrial-globe-151897_1280.png 1093w\" sizes=\"(max-width: 277px) 100vw, 277px\" \/><\/figure><\/div>\n<\/div>\n<\/div>\n\n\n\n<p>M\u00e1sr\u00e9szt a meridi\u00e1n sz\u00f3 eredete is tartogat tanuls\u00e1got. \u00d3g\u00f6r\u00f6g eredet\u0171 kifejez\u00e9s, mely egy olyan f\u00f6ldrajzi vonalat jelent, amelynek pontjain pontosan ugyanakkor delel a Nap. Ezen vonalak kim\u00e9r\u00e9s\u00e9vel sok ismert \u00e9s kev\u00e9ss\u00e9 ismert g\u00f6r\u00f6g tud\u00f3s \u00e9s filoz\u00f3fus is foglalkozott, sz\u00e1mos frapp\u00e1ns megold\u00e1st tal\u00e1lva a nem is olyan egyszer\u0171 probl\u00e9m\u00e1ra. A Qi kering\u00e9se a F\u0151csatorn\u00e1kban ehhez igen hasonl\u00f3, a meridi\u00e1n-\u00f3ra j\u00f3l ismert a k\u00ednai orvosl\u00e1sban, nagyj\u00e1b\u00f3l 2 \u00f3r\u00e1nk\u00e9nt \u201edelel\u201d a Qi az egym\u00e1st k\u00f6vet\u0151 csatorn\u00e1kban. R\u00e1ad\u00e1sul ez a bioritmus szint\u00e9n a Nap j\u00e1r\u00e1s\u00e1hoz igazodik, hiszen amikor d\u00e9lben a Nap az \u00e9gen a legmagasabban \u00e1ll, akkor van az ember Napja (azaz a Sz\u00edv) is a maximumon. S\u0151t, a mai tudom\u00e1ny \u00e1ltal ismert cirkadi\u00e1n ritmus is az aktu\u00e1lis napj\u00e1r\u00e1shoz igazodik.<\/p>\n\n\n\n<div class=\"wp-block-image\"><figure class=\"aligncenter size-large is-resized\"><img loading=\"lazy\" decoding=\"async\" src=\"https:\/\/4oszlop.hu\/wp-content\/uploads\/2020\/09\/cirkadi\u00e1n-ritmusos-k\u00e9p.jpg\" alt=\"\" class=\"wp-image-273\" width=\"623\" height=\"716\" srcset=\"https:\/\/4oszlop.hu\/wp-content\/uploads\/2020\/09\/cirkadi\u00e1n-ritmusos-k\u00e9p.jpg 746w, https:\/\/4oszlop.hu\/wp-content\/uploads\/2020\/09\/cirkadi\u00e1n-ritmusos-k\u00e9p-261x300.jpg 261w\" sizes=\"(max-width: 623px) 100vw, 623px\" \/><\/figure><\/div>\n\n\n\n<p>\u00d6sszefoglalva: a Meridi\u00e1n elnevez\u00e9s eml\u00e9keztet arra, hogy Emberk\u00e9nt, mint mikrokozmosz, szerves r\u00e9szei \u00e9s t\u00fck\u00f6rk\u00e9pei vagyunk a makrokozmosznak. M\u00e1sr\u00e9szr\u0151l pedig eml\u00e9keztet a Qi napi \u00fatj\u00e1ra \u00e9s arra, hogy a benn\u00fcnk kering\u0151 energi\u00e1k ritmusa a Naprendszer\u00fcnk k\u00f6zpontj\u00e1hoz van igaz\u00edtva!<\/p>\n\n\n\n<p><\/p>\n ","protected":false},"excerpt":{"rendered":"<p>Mire utal az energiacsatorn\u00e1k &#8220;Meridi\u00e1n&#8221; elnevez\u00e9se?<\/p>\n","protected":false},"author":1,"featured_media":0,"comment_status":"open","ping_status":"open","sticky":false,"template":"","format":"standard","meta":{"footnotes":""},"categories":[18,9],"tags":[42,41],"_links":{"self":[{"href":"https:\/\/4oszlop.hu\/index.php\/wp-json\/wp\/v2\/posts\/271"}],"collection":[{"href":"https:\/\/4oszlop.hu\/index.php\/wp-json\/wp\/v2\/posts"}],"about":[{"href":"https:\/\/4oszlop.hu\/index.php\/wp-json\/wp\/v2\/types\/post"}],"author":[{"embeddable":true,"href":"https:\/\/4oszlop.hu\/index.php\/wp-json\/wp\/v2\/users\/1"}],"replies":[{"embeddable":true,"href":"https:\/\/4oszlop.hu\/index.php\/wp-json\/wp\/v2\/comments?post=271"}],"version-history":[{"count":6,"href":"https:\/\/4oszlop.hu\/index.php\/wp-json\/wp\/v2\/posts\/271\/revisions"}],"predecessor-version":[{"id":282,"href":"https:\/\/4oszlop.hu\/index.php\/wp-json\/wp\/v2\/posts\/271\/revisions\/282"}],"wp:attachment":[{"href":"https:\/\/4oszlop.hu\/index.php\/wp-json\/wp\/v2\/media?parent=271"}],"wp:term":[{"taxonomy":"category","embeddable":true,"href":"https:\/\/4oszlop.hu\/index.php\/wp-json\/wp\/v2\/categories?post=271"},{"taxonomy":"post_tag","embeddable":true,"href":"https:\/\/4oszlop.hu\/index.php\/wp-json\/wp\/v2\/tags?post=271"}],"curies":[{"name":"wp","href":"https:\/\/api.w.org\/{rel}","templated":true}]}}